{"id":564,"date":"2025-02-15T11:34:44","date_gmt":"2025-02-15T10:34:44","guid":{"rendered":"https:\/\/latelierdubois.net\/?p=564"},"modified":"2025-02-15T11:34:45","modified_gmt":"2025-02-15T10:34:45","slug":"coffrets-bois-pour-miel","status":"publish","type":"post","link":"https:\/\/latelierdubois.net\/index.php\/2025\/02\/15\/coffrets-bois-pour-miel\/","title":{"rendered":"Coffrets bois pour miel"},"content":{"rendered":"\n<p><strong>Coffrets en pin maritime certifi\u00e9 PEFC<\/strong><\/p>\n\n\n\n<p><strong>fabriqu\u00e9s en France<\/strong><\/p>\n\n\n\n<p><strong>Possibilit\u00e9 de cr\u00e9er et personnaliser vos coffrets bois sur mesure!<\/strong><\/p>\n\n\n\n<div class=\"wp-block-cover\" style=\"min-height:437px;aspect-ratio:unset;\"><span aria-hidden=\"true\" class=\"wp-block-cover__background has-background-dim\"><\/span><img loading=\"lazy\" decoding=\"async\" width=\"1024\" height=\"620\" class=\"wp-block-cover__image-background wp-image-565\" alt=\"\" src=\"https:\/\/latelierdubois.net\/wp-content\/uploads\/2025\/02\/Coffret-confiture-1024x620.png\" data-object-fit=\"cover\" srcset=\"https:\/\/latelierdubois.net\/wp-content\/uploads\/2025\/02\/Coffret-confiture-1024x620.png 1024w, https:\/\/latelierdubois.net\/wp-content\/uploads\/2025\/02\/Coffret-confiture-300x182.png 300w, https:\/\/latelierdubois.net\/wp-content\/uploads\/2025\/02\/Coffret-confiture-768x465.png 768w, https:\/\/latelierdubois.net\/wp-content\/uploads\/2025\/02\/Coffret-confiture-1536x930.png 1536w, https:\/\/latelierdubois.net\/wp-content\/uploads\/2025\/02\/Coffret-confiture-2048x1240.png 2048w, https:\/\/latelierdubois.net\/wp-content\/uploads\/2025\/02\/Coffret-confiture-1140x690.png 1140w\" sizes=\"auto, (max-width: 1024px) 100vw, 1024px\" \/><div class=\"wp-block-cover__inner-container is-layout-flow wp-block-cover-is-layout-flow\">\n<p class=\"has-text-align-center has-large-font-size\"><\/p>\n\n\n\n<p><\/p>\n<\/div><\/div>\n","protected":false},"excerpt":{"rendered":"<p>Coffrets en pin maritime certifi\u00e9 PEFC fabriqu\u00e9s en France Possibilit\u00e9 de cr\u00e9er et personnaliser vos coffrets bois sur mesure!<\/p>\n","protected":false},"author":1,"featured_media":0,"comment_status":"open","ping_status":"open","sticky":false,"template":"","format":"standard","meta":{"_monsterinsights_skip_tracking":false,"_monsterinsights_sitenote_active":false,"_monsterinsights_sitenote_note":"","_monsterinsights_sitenote_category":0,"_uf_show_specific_survey":0,"_uf_disable_surveys":false,"footnotes":""},"categories":[1],"tags":[],"class_list":["post-564","post","type-post","status-publish","format-standard","hentry","category-blog"],"yoast_head":"<!-- This site is optimized with the Yoast SEO plugin v27.5 - https:\/\/yoast.com\/product\/yoast-seo-wordpress\/ -->\n<title>Coffrets bois pour miel - L&#039;ATELIER DU BOIS<\/title>\n<meta name=\"robots\" content=\"index, follow, max-snippet:-1, max-image-preview:large, max-video-preview:-1\" \/>\n<link rel=\"canonical\" href=\"https:\/\/latelierdubois.net\/index.php\/2025\/02\/15\/coffrets-bois-pour-miel\/\" \/>\n<meta property=\"og:locale\" content=\"en_US\" \/>\n<meta property=\"og:type\" content=\"article\" \/>\n<meta property=\"og:title\" content=\"Coffrets bois pour miel - L&#039;ATELIER DU BOIS\" \/>\n<meta property=\"og:description\" content=\"Coffrets en pin maritime certifi\u00e9 PEFC fabriqu\u00e9s en France Possibilit\u00e9 de cr\u00e9er et personnaliser vos coffrets bois sur mesure!\" \/>\n<meta property=\"og:url\" content=\"https:\/\/latelierdubois.net\/index.php\/2025\/02\/15\/coffrets-bois-pour-miel\/\" \/>\n<meta property=\"og:site_name\" content=\"L&#039;ATELIER DU BOIS\" \/>\n<meta property=\"article:published_time\" content=\"2025-02-15T10:34:44+00:00\" \/>\n<meta property=\"article:modified_time\" content=\"2025-02-15T10:34:45+00:00\" \/>\n<meta property=\"og:image\" content=\"https:\/\/latelierdubois.net\/wp-content\/uploads\/2025\/02\/Coffret-confiture-1024x620.png\" \/>\n\t<meta property=\"og:image:width\" content=\"1024\" \/>\n\t<meta property=\"og:image:height\" content=\"620\" \/>\n\t<meta property=\"og:image:type\" content=\"image\/png\" \/>\n<meta name=\"author\" content=\"latelierdubois.net\" \/>\n<meta name=\"twitter:card\" content=\"summary_large_image\" \/>\n<meta name=\"twitter:label1\" content=\"Written by\" \/>\n\t<meta name=\"twitter:data1\" content=\"latelierdubois.net\" \/>\n\t<meta name=\"twitter:label2\" content=\"Est. reading time\" \/>\n\t<meta name=\"twitter:data2\" content=\"1 minute\" \/>\n<script type=\"application\/ld+json\" class=\"yoast-schema-graph\">{\"@context\":\"https:\\\/\\\/schema.org\",\"@graph\":[{\"@type\":\"Article\",\"@id\":\"https:\\\/\\\/latelierdubois.net\\\/index.php\\\/2025\\\/02\\\/15\\\/coffrets-bois-pour-miel\\\/#article\",\"isPartOf\":{\"@id\":\"https:\\\/\\\/latelierdubois.net\\\/index.php\\\/2025\\\/02\\\/15\\\/coffrets-bois-pour-miel\\\/\"},\"author\":{\"name\":\"latelierdubois.net\",\"@id\":\"https:\\\/\\\/latelierdubois.net\\\/#\\\/schema\\\/person\\\/ea4227dd2e6ad6b42429e55c11a60aee\"},\"headline\":\"Coffrets bois pour miel\",\"datePublished\":\"2025-02-15T10:34:44+00:00\",\"dateModified\":\"2025-02-15T10:34:45+00:00\",\"mainEntityOfPage\":{\"@id\":\"https:\\\/\\\/latelierdubois.net\\\/index.php\\\/2025\\\/02\\\/15\\\/coffrets-bois-pour-miel\\\/\"},\"wordCount\":25,\"commentCount\":0,\"publisher\":{\"@id\":\"https:\\\/\\\/latelierdubois.net\\\/#organization\"},\"image\":{\"@id\":\"https:\\\/\\\/latelierdubois.net\\\/index.php\\\/2025\\\/02\\\/15\\\/coffrets-bois-pour-miel\\\/#primaryimage\"},\"thumbnailUrl\":\"https:\\\/\\\/latelierdubois.net\\\/wp-content\\\/uploads\\\/2025\\\/02\\\/Coffret-confiture-1024x620.png\",\"articleSection\":[\"Blog\"],\"inLanguage\":\"en-US\",\"potentialAction\":[{\"@type\":\"CommentAction\",\"name\":\"Comment\",\"target\":[\"https:\\\/\\\/latelierdubois.net\\\/index.php\\\/2025\\\/02\\\/15\\\/coffrets-bois-pour-miel\\\/#respond\"]}]},{\"@type\":\"WebPage\",\"@id\":\"https:\\\/\\\/latelierdubois.net\\\/index.php\\\/2025\\\/02\\\/15\\\/coffrets-bois-pour-miel\\\/\",\"url\":\"https:\\\/\\\/latelierdubois.net\\\/index.php\\\/2025\\\/02\\\/15\\\/coffrets-bois-pour-miel\\\/\",\"name\":\"Coffrets bois pour miel - L&#039;ATELIER DU BOIS\",\"isPartOf\":{\"@id\":\"https:\\\/\\\/latelierdubois.net\\\/#website\"},\"primaryImageOfPage\":{\"@id\":\"https:\\\/\\\/latelierdubois.net\\\/index.php\\\/2025\\\/02\\\/15\\\/coffrets-bois-pour-miel\\\/#primaryimage\"},\"image\":{\"@id\":\"https:\\\/\\\/latelierdubois.net\\\/index.php\\\/2025\\\/02\\\/15\\\/coffrets-bois-pour-miel\\\/#primaryimage\"},\"thumbnailUrl\":\"https:\\\/\\\/latelierdubois.net\\\/wp-content\\\/uploads\\\/2025\\\/02\\\/Coffret-confiture-1024x620.png\",\"datePublished\":\"2025-02-15T10:34:44+00:00\",\"dateModified\":\"2025-02-15T10:34:45+00:00\",\"breadcrumb\":{\"@id\":\"https:\\\/\\\/latelierdubois.net\\\/index.php\\\/2025\\\/02\\\/15\\\/coffrets-bois-pour-miel\\\/#breadcrumb\"},\"inLanguage\":\"en-US\",\"potentialAction\":[{\"@type\":\"ReadAction\",\"target\":[\"https:\\\/\\\/latelierdubois.net\\\/index.php\\\/2025\\\/02\\\/15\\\/coffrets-bois-pour-miel\\\/\"]}]},{\"@type\":\"ImageObject\",\"inLanguage\":\"en-US\",\"@id\":\"https:\\\/\\\/latelierdubois.net\\\/index.php\\\/2025\\\/02\\\/15\\\/coffrets-bois-pour-miel\\\/#primaryimage\",\"url\":\"https:\\\/\\\/latelierdubois.net\\\/wp-content\\\/uploads\\\/2025\\\/02\\\/Coffret-confiture.png\",\"contentUrl\":\"https:\\\/\\\/latelierdubois.net\\\/wp-content\\\/uploads\\\/2025\\\/02\\\/Coffret-confiture.png\",\"width\":3063,\"height\":1854,\"caption\":\"Coffret 3, 4, 5 ou 6 pots de 125g, 250 g ou 500 g\"},{\"@type\":\"BreadcrumbList\",\"@id\":\"https:\\\/\\\/latelierdubois.net\\\/index.php\\\/2025\\\/02\\\/15\\\/coffrets-bois-pour-miel\\\/#breadcrumb\",\"itemListElement\":[{\"@type\":\"ListItem\",\"position\":1,\"name\":\"Accueil\",\"item\":\"https:\\\/\\\/latelierdubois.net\\\/\"},{\"@type\":\"ListItem\",\"position\":2,\"name\":\"Coffrets bois pour miel\"}]},{\"@type\":\"WebSite\",\"@id\":\"https:\\\/\\\/latelierdubois.net\\\/#website\",\"url\":\"https:\\\/\\\/latelierdubois.net\\\/\",\"name\":\"L'ATELIER DU BOIS\",\"description\":\"\",\"publisher\":{\"@id\":\"https:\\\/\\\/latelierdubois.net\\\/#organization\"},\"potentialAction\":[{\"@type\":\"SearchAction\",\"target\":{\"@type\":\"EntryPoint\",\"urlTemplate\":\"https:\\\/\\\/latelierdubois.net\\\/?s={search_term_string}\"},\"query-input\":{\"@type\":\"PropertyValueSpecification\",\"valueRequired\":true,\"valueName\":\"search_term_string\"}}],\"inLanguage\":\"en-US\"},{\"@type\":\"Organization\",\"@id\":\"https:\\\/\\\/latelierdubois.net\\\/#organization\",\"name\":\"L'ATELIER DU BOIS\",\"url\":\"https:\\\/\\\/latelierdubois.net\\\/\",\"logo\":{\"@type\":\"ImageObject\",\"inLanguage\":\"en-US\",\"@id\":\"https:\\\/\\\/latelierdubois.net\\\/#\\\/schema\\\/logo\\\/image\\\/\",\"url\":\"https:\\\/\\\/latelierdubois.net\\\/wp-content\\\/uploads\\\/2023\\\/11\\\/cropped-latelier-du-bois217.png\",\"contentUrl\":\"https:\\\/\\\/latelierdubois.net\\\/wp-content\\\/uploads\\\/2023\\\/11\\\/cropped-latelier-du-bois217.png\",\"width\":2216,\"height\":2324,\"caption\":\"L'ATELIER DU BOIS\"},\"image\":{\"@id\":\"https:\\\/\\\/latelierdubois.net\\\/#\\\/schema\\\/logo\\\/image\\\/\"}},{\"@type\":\"Person\",\"@id\":\"https:\\\/\\\/latelierdubois.net\\\/#\\\/schema\\\/person\\\/ea4227dd2e6ad6b42429e55c11a60aee\",\"name\":\"latelierdubois.net\",\"image\":{\"@type\":\"ImageObject\",\"inLanguage\":\"en-US\",\"@id\":\"https:\\\/\\\/secure.gravatar.com\\\/avatar\\\/ad1f06237b53dc8eb9a8c9af55a00bcb7a8ee08348dcd12e866cf724ae627197?s=96&d=mm&r=g\",\"url\":\"https:\\\/\\\/secure.gravatar.com\\\/avatar\\\/ad1f06237b53dc8eb9a8c9af55a00bcb7a8ee08348dcd12e866cf724ae627197?s=96&d=mm&r=g\",\"contentUrl\":\"https:\\\/\\\/secure.gravatar.com\\\/avatar\\\/ad1f06237b53dc8eb9a8c9af55a00bcb7a8ee08348dcd12e866cf724ae627197?s=96&d=mm&r=g\",\"caption\":\"latelierdubois.net\"},\"sameAs\":[\"http:\\\/\\\/latelierdubois.net\"],\"url\":\"https:\\\/\\\/latelierdubois.net\\\/index.php\\\/author\\\/latelierdubois-net\\\/\"}]}<\/script>\n<!-- \/ Yoast SEO plugin. -->","yoast_head_json":{"title":"Coffrets bois pour miel - L&#039;ATELIER DU BOIS","robots":{"index":"index","follow":"follow","max-snippet":"max-snippet:-1","max-image-preview":"max-image-preview:large","max-video-preview":"max-video-preview:-1"},"canonical":"https:\/\/latelierdubois.net\/index.php\/2025\/02\/15\/coffrets-bois-pour-miel\/","og_locale":"en_US","og_type":"article","og_title":"Coffrets bois pour miel - L&#039;ATELIER DU BOIS","og_description":"Coffrets en pin maritime certifi\u00e9 PEFC fabriqu\u00e9s en France Possibilit\u00e9 de cr\u00e9er et personnaliser vos coffrets bois sur mesure!","og_url":"https:\/\/latelierdubois.net\/index.php\/2025\/02\/15\/coffrets-bois-pour-miel\/","og_site_name":"L&#039;ATELIER DU BOIS","article_published_time":"2025-02-15T10:34:44+00:00","article_modified_time":"2025-02-15T10:34:45+00:00","og_image":[{"width":1024,"height":620,"url":"https:\/\/latelierdubois.net\/wp-content\/uploads\/2025\/02\/Coffret-confiture-1024x620.png","type":"image\/png"}],"author":"latelierdubois.net","twitter_card":"summary_large_image","twitter_misc":{"Written by":"latelierdubois.net","Est. reading time":"1 minute"},"schema":{"@context":"https:\/\/schema.org","@graph":[{"@type":"Article","@id":"https:\/\/latelierdubois.net\/index.php\/2025\/02\/15\/coffrets-bois-pour-miel\/#article","isPartOf":{"@id":"https:\/\/latelierdubois.net\/index.php\/2025\/02\/15\/coffrets-bois-pour-miel\/"},"author":{"name":"latelierdubois.net","@id":"https:\/\/latelierdubois.net\/#\/schema\/person\/ea4227dd2e6ad6b42429e55c11a60aee"},"headline":"Coffrets bois pour miel","datePublished":"2025-02-15T10:34:44+00:00","dateModified":"2025-02-15T10:34:45+00:00","mainEntityOfPage":{"@id":"https:\/\/latelierdubois.net\/index.php\/2025\/02\/15\/coffrets-bois-pour-miel\/"},"wordCount":25,"commentCount":0,"publisher":{"@id":"https:\/\/latelierdubois.net\/#organization"},"image":{"@id":"https:\/\/latelierdubois.net\/index.php\/2025\/02\/15\/coffrets-bois-pour-miel\/#primaryimage"},"thumbnailUrl":"https:\/\/latelierdubois.net\/wp-content\/uploads\/2025\/02\/Coffret-confiture-1024x620.png","articleSection":["Blog"],"inLanguage":"en-US","potentialAction":[{"@type":"CommentAction","name":"Comment","target":["https:\/\/latelierdubois.net\/index.php\/2025\/02\/15\/coffrets-bois-pour-miel\/#respond"]}]},{"@type":"WebPage","@id":"https:\/\/latelierdubois.net\/index.php\/2025\/02\/15\/coffrets-bois-pour-miel\/","url":"https:\/\/latelierdubois.net\/index.php\/2025\/02\/15\/coffrets-bois-pour-miel\/","name":"Coffrets bois pour miel - L&#039;ATELIER DU BOIS","isPartOf":{"@id":"https:\/\/latelierdubois.net\/#website"},"primaryImageOfPage":{"@id":"https:\/\/latelierdubois.net\/index.php\/2025\/02\/15\/coffrets-bois-pour-miel\/#primaryimage"},"image":{"@id":"https:\/\/latelierdubois.net\/index.php\/2025\/02\/15\/coffrets-bois-pour-miel\/#primaryimage"},"thumbnailUrl":"https:\/\/latelierdubois.net\/wp-content\/uploads\/2025\/02\/Coffret-confiture-1024x620.png","datePublished":"2025-02-15T10:34:44+00:00","dateModified":"2025-02-15T10:34:45+00:00","breadcrumb":{"@id":"https:\/\/latelierdubois.net\/index.php\/2025\/02\/15\/coffrets-bois-pour-miel\/#breadcrumb"},"inLanguage":"en-US","potentialAction":[{"@type":"ReadAction","target":["https:\/\/latelierdubois.net\/index.php\/2025\/02\/15\/coffrets-bois-pour-miel\/"]}]},{"@type":"ImageObject","inLanguage":"en-US","@id":"https:\/\/latelierdubois.net\/index.php\/2025\/02\/15\/coffrets-bois-pour-miel\/#primaryimage","url":"https:\/\/latelierdubois.net\/wp-content\/uploads\/2025\/02\/Coffret-confiture.png","contentUrl":"https:\/\/latelierdubois.net\/wp-content\/uploads\/2025\/02\/Coffret-confiture.png","width":3063,"height":1854,"caption":"Coffret 3, 4, 5 ou 6 pots de 125g, 250 g ou 500 g"},{"@type":"BreadcrumbList","@id":"https:\/\/latelierdubois.net\/index.php\/2025\/02\/15\/coffrets-bois-pour-miel\/#breadcrumb","itemListElement":[{"@type":"ListItem","position":1,"name":"Accueil","item":"https:\/\/latelierdubois.net\/"},{"@type":"ListItem","position":2,"name":"Coffrets bois pour miel"}]},{"@type":"WebSite","@id":"https:\/\/latelierdubois.net\/#website","url":"https:\/\/latelierdubois.net\/","name":"L'ATELIER DU BOIS","description":"","publisher":{"@id":"https:\/\/latelierdubois.net\/#organization"},"potentialAction":[{"@type":"SearchAction","target":{"@type":"EntryPoint","urlTemplate":"https:\/\/latelierdubois.net\/?s={search_term_string}"},"query-input":{"@type":"PropertyValueSpecification","valueRequired":true,"valueName":"search_term_string"}}],"inLanguage":"en-US"},{"@type":"Organization","@id":"https:\/\/latelierdubois.net\/#organization","name":"L'ATELIER DU BOIS","url":"https:\/\/latelierdubois.net\/","logo":{"@type":"ImageObject","inLanguage":"en-US","@id":"https:\/\/latelierdubois.net\/#\/schema\/logo\/image\/","url":"https:\/\/latelierdubois.net\/wp-content\/uploads\/2023\/11\/cropped-latelier-du-bois217.png","contentUrl":"https:\/\/latelierdubois.net\/wp-content\/uploads\/2023\/11\/cropped-latelier-du-bois217.png","width":2216,"height":2324,"caption":"L'ATELIER DU BOIS"},"image":{"@id":"https:\/\/latelierdubois.net\/#\/schema\/logo\/image\/"}},{"@type":"Person","@id":"https:\/\/latelierdubois.net\/#\/schema\/person\/ea4227dd2e6ad6b42429e55c11a60aee","name":"latelierdubois.net","image":{"@type":"ImageObject","inLanguage":"en-US","@id":"https:\/\/secure.gravatar.com\/avatar\/ad1f06237b53dc8eb9a8c9af55a00bcb7a8ee08348dcd12e866cf724ae627197?s=96&d=mm&r=g","url":"https:\/\/secure.gravatar.com\/avatar\/ad1f06237b53dc8eb9a8c9af55a00bcb7a8ee08348dcd12e866cf724ae627197?s=96&d=mm&r=g","contentUrl":"https:\/\/secure.gravatar.com\/avatar\/ad1f06237b53dc8eb9a8c9af55a00bcb7a8ee08348dcd12e866cf724ae627197?s=96&d=mm&r=g","caption":"latelierdubois.net"},"sameAs":["http:\/\/latelierdubois.net"],"url":"https:\/\/latelierdubois.net\/index.php\/author\/latelierdubois-net\/"}]}},"_links":{"self":[{"href":"https:\/\/latelierdubois.net\/index.php\/wp-json\/wp\/v2\/posts\/564","targetHints":{"allow":["GET"]}}],"collection":[{"href":"https:\/\/latelierdubois.net\/index.php\/wp-json\/wp\/v2\/posts"}],"about":[{"href":"https:\/\/latelierdubois.net\/index.php\/wp-json\/wp\/v2\/types\/post"}],"author":[{"embeddable":true,"href":"https:\/\/latelierdubois.net\/index.php\/wp-json\/wp\/v2\/users\/1"}],"replies":[{"embeddable":true,"href":"https:\/\/latelierdubois.net\/index.php\/wp-json\/wp\/v2\/comments?post=564"}],"version-history":[{"count":1,"href":"https:\/\/latelierdubois.net\/index.php\/wp-json\/wp\/v2\/posts\/564\/revisions"}],"predecessor-version":[{"id":566,"href":"https:\/\/latelierdubois.net\/index.php\/wp-json\/wp\/v2\/posts\/564\/revisions\/566"}],"wp:attachment":[{"href":"https:\/\/latelierdubois.net\/index.php\/wp-json\/wp\/v2\/media?parent=564"}],"wp:term":[{"taxonomy":"category","embeddable":true,"href":"https:\/\/latelierdubois.net\/index.php\/wp-json\/wp\/v2\/categories?post=564"},{"taxonomy":"post_tag","embeddable":true,"href":"https:\/\/latelierdubois.net\/index.php\/wp-json\/wp\/v2\/tags?post=564"}],"curies":[{"name":"wp","href":"https:\/\/api.w.org\/{rel}","templated":true}]}}